{"id":5459,"date":"2015-04-27T15:10:59","date_gmt":"2015-04-27T13:10:59","guid":{"rendered":"https:\/\/www.esferize.com\/esferize-at-omexpo-2015\/"},"modified":"2021-10-15T12:09:54","modified_gmt":"2021-10-15T10:09:54","slug":"esferize-at-omexpo-2015","status":"publish","type":"post","link":"https:\/\/www.esferize.com\/en\/esferize-at-omexpo-2015\/","title":{"rendered":"Esferize at OMExpo 2015"},"content":{"rendered":"<p><strong>OMExpo 2015<\/strong> is the leading digital marketing event in Spain thanks to its continuous commitment to innovation. In its ten years of existence, it has brought together the trends, the latest solutions and tools and the best success stories in online marketing and digital advertising. It will be held on <strong>27th and 28th May in Madrid<\/strong>. Its exhibition area, programme of parallel activities, congress, seminars and debates brings together every year the leading experts from the national and international scene.<\/p>\n<p>That is why we at <strong>Esferize<\/strong> are very happy to announce our participation in one of the forums that will take place in the TEADS Room: the <strong>Digital Legal Forum<\/strong>, which will be held on 28th May. Our presentation will be about <strong>Technology and Digital Marketing: Hosting and Cloud, Heaven or Hell<\/strong>.\u00a0It will be presented by <strong>Fernando Enr\u00edquez Carmona<\/strong>, Chief Technology Officer. He will talk about the vicissitudes of the day to day in both in house and in cloud hosting environments, taking advantage of their benefits, making the most of them and always complying with current legislation. Esferize brings to each project its knowledge and experience to provide the best solution to its customers.<\/p>\n<p><a href=\"https:\/\/www.esferize.com\/wp-content\/uploads\/2015\/04\/mapa-omexpo.jpg\"><img decoding=\"async\" class=\"lazyload  wp-image-1149 aligncenter\" src=\"data:image\/svg+xml,%3Csvg%20xmlns%3D%27http%3A%2F%2Fwww.w3.org%2F2000%2Fsvg%27%20width%3D%27634%27%20height%3D%27385%27%20viewBox%3D%270%200%20634%20385%27%3E%3Crect%20width%3D%27634%27%20height%3D%27385%27%20fill-opacity%3D%220%22%2F%3E%3C%2Fsvg%3E\" data-orig-src=\"https:\/\/www.esferize.com\/wp-content\/uploads\/2015\/04\/mapa-omexpo.jpg\" alt=\"mapa omexpo\" width=\"634\" height=\"385\" \/><\/a><\/p>\n<p>OMExpo 2015 will host 15 rooms with interactive debates, keynote sessions, case studies, specialised forums and free seminars. Last year, 240 companies participated and 12 seminars were held simultaneously. There, views on the Internet advertising platform were exchanged. In addition, the evolution of the market with the boom of mobile devices and online video was discussed.<\/p>\n<p>You can also follow all the latest news about the event and our participation in it through our <a href=\"https:\/\/twitter.com\/esferize\" target=\"_blank\" rel=\"noopener noreferrer\">Twitter<\/a>\u00a0account, so you won&#8217;t miss a thing!<\/p>\n","protected":false},"excerpt":{"rendered":"<p>OMExpo 2015 is the leading digital marketing event in Spain  [&#8230;]<\/p>\n","protected":false},"author":7,"featured_media":5968,"comment_status":"closed","ping_status":"closed","sticky":false,"template":"","format":"standard","meta":{"_acf_changed":false,"footnotes":""},"categories":[195,240,226],"tags":[376,375,230,374,377,378],"class_list":["post-5459","post","type-post","status-publish","format-standard","has-post-thumbnail","hentry","category-esferize-en","category-events","category-news","tag-digital-marketing","tag-digital-marketing-forums","tag-esferize-en","tag-events","tag-omexpo-en","tag-teads-room"],"acf":[],"yoast_head":"<!-- This site is optimized with the Yoast SEO plugin v27.3 - https:\/\/yoast.com\/product\/yoast-seo-wordpress\/ -->\n<title>Esferize at OMExpo 2015, leading digital marketing event - Esferize<\/title>\n<meta name=\"description\" content=\"OMExpo 2015 es el evento l\u00edder del marketing digital en Espa\u00f1a gracias a su continua apuesta por la innovaci\u00f3n.\" \/>\n<meta name=\"robots\" content=\"index, follow, max-snippet:-1, max-image-preview:large, max-video-preview:-1\" \/>\n<link rel=\"canonical\" href=\"https:\/\/www.esferize.com\/en\/esferize-at-omexpo-2015\/\" \/>\n<meta property=\"og:locale\" content=\"en_US\" \/>\n<meta property=\"og:type\" content=\"article\" \/>\n<meta property=\"og:title\" content=\"Esferize at OMExpo 2015, leading digital marketing event - Esferize\" \/>\n<meta property=\"og:description\" content=\"OMExpo 2015 es el evento l\u00edder del marketing digital en Espa\u00f1a gracias a su continua apuesta por la innovaci\u00f3n.\" \/>\n<meta property=\"og:url\" content=\"https:\/\/www.esferize.com\/en\/esferize-at-omexpo-2015\/\" \/>\n<meta property=\"og:site_name\" content=\"Esferize\" \/>\n<meta property=\"article:published_time\" content=\"2015-04-27T13:10:59+00:00\" \/>\n<meta property=\"article:modified_time\" content=\"2021-10-15T10:09:54+00:00\" \/>\n<meta property=\"og:image\" content=\"https:\/\/www.esferize.com\/wp-content\/uploads\/2015\/04\/CGFjKdcXIAARoEA.jpeg\" \/>\n\t<meta property=\"og:image:width\" content=\"1280\" \/>\n\t<meta property=\"og:image:height\" content=\"720\" \/>\n\t<meta property=\"og:image:type\" content=\"image\/jpeg\" \/>\n<meta name=\"author\" content=\"esferize\" \/>\n<meta name=\"twitter:card\" content=\"summary_large_image\" \/>\n<meta name=\"twitter:label1\" content=\"Written by\" \/>\n\t<meta name=\"twitter:data1\" content=\"esferize\" \/>\n\t<meta name=\"twitter:label2\" content=\"Est. reading time\" \/>\n\t<meta name=\"twitter:data2\" content=\"1 minute\" \/>\n<script type=\"application\/ld+json\" class=\"yoast-schema-graph\">{\"@context\":\"https:\\\/\\\/schema.org\",\"@graph\":[{\"@type\":\"Article\",\"@id\":\"https:\\\/\\\/www.esferize.com\\\/en\\\/esferize-at-omexpo-2015\\\/#article\",\"isPartOf\":{\"@id\":\"https:\\\/\\\/www.esferize.com\\\/en\\\/esferize-at-omexpo-2015\\\/\"},\"author\":{\"name\":\"esferize\",\"@id\":\"https:\\\/\\\/www.esferize.com\\\/en\\\/#\\\/schema\\\/person\\\/9137a26404c991f5612837aacf59c0a3\"},\"headline\":\"Esferize at OMExpo 2015\",\"datePublished\":\"2015-04-27T13:10:59+00:00\",\"dateModified\":\"2021-10-15T10:09:54+00:00\",\"mainEntityOfPage\":{\"@id\":\"https:\\\/\\\/www.esferize.com\\\/en\\\/esferize-at-omexpo-2015\\\/\"},\"wordCount\":277,\"publisher\":{\"@id\":\"https:\\\/\\\/www.esferize.com\\\/en\\\/#organization\"},\"image\":{\"@id\":\"https:\\\/\\\/www.esferize.com\\\/en\\\/esferize-at-omexpo-2015\\\/#primaryimage\"},\"thumbnailUrl\":\"https:\\\/\\\/www.esferize.com\\\/wp-content\\\/uploads\\\/2015\\\/04\\\/CGFjKdcXIAARoEA.jpeg\",\"keywords\":[\"digital marketing\",\"Digital Marketing Forums\",\"Esferize\",\"events\",\"omexpo\",\"TEADS room\"],\"articleSection\":[\"Esferize\",\"Events\",\"news\"],\"inLanguage\":\"en-US\"},{\"@type\":\"WebPage\",\"@id\":\"https:\\\/\\\/www.esferize.com\\\/en\\\/esferize-at-omexpo-2015\\\/\",\"url\":\"https:\\\/\\\/www.esferize.com\\\/en\\\/esferize-at-omexpo-2015\\\/\",\"name\":\"Esferize at OMExpo 2015, leading digital marketing event - Esferize\",\"isPartOf\":{\"@id\":\"https:\\\/\\\/www.esferize.com\\\/en\\\/#website\"},\"primaryImageOfPage\":{\"@id\":\"https:\\\/\\\/www.esferize.com\\\/en\\\/esferize-at-omexpo-2015\\\/#primaryimage\"},\"image\":{\"@id\":\"https:\\\/\\\/www.esferize.com\\\/en\\\/esferize-at-omexpo-2015\\\/#primaryimage\"},\"thumbnailUrl\":\"https:\\\/\\\/www.esferize.com\\\/wp-content\\\/uploads\\\/2015\\\/04\\\/CGFjKdcXIAARoEA.jpeg\",\"datePublished\":\"2015-04-27T13:10:59+00:00\",\"dateModified\":\"2021-10-15T10:09:54+00:00\",\"description\":\"OMExpo 2015 es el evento l\u00edder del marketing digital en Espa\u00f1a gracias a su continua apuesta por la innovaci\u00f3n.\",\"breadcrumb\":{\"@id\":\"https:\\\/\\\/www.esferize.com\\\/en\\\/esferize-at-omexpo-2015\\\/#breadcrumb\"},\"inLanguage\":\"en-US\",\"potentialAction\":[{\"@type\":\"ReadAction\",\"target\":[\"https:\\\/\\\/www.esferize.com\\\/en\\\/esferize-at-omexpo-2015\\\/\"]}]},{\"@type\":\"ImageObject\",\"inLanguage\":\"en-US\",\"@id\":\"https:\\\/\\\/www.esferize.com\\\/en\\\/esferize-at-omexpo-2015\\\/#primaryimage\",\"url\":\"https:\\\/\\\/www.esferize.com\\\/wp-content\\\/uploads\\\/2015\\\/04\\\/CGFjKdcXIAARoEA.jpeg\",\"contentUrl\":\"https:\\\/\\\/www.esferize.com\\\/wp-content\\\/uploads\\\/2015\\\/04\\\/CGFjKdcXIAARoEA.jpeg\",\"width\":1280,\"height\":720,\"caption\":\"Esferize en OMExpo 2015\"},{\"@type\":\"BreadcrumbList\",\"@id\":\"https:\\\/\\\/www.esferize.com\\\/en\\\/esferize-at-omexpo-2015\\\/#breadcrumb\",\"itemListElement\":[{\"@type\":\"ListItem\",\"position\":1,\"name\":\"Portada\",\"item\":\"https:\\\/\\\/www.esferize.com\\\/en\\\/\"},{\"@type\":\"ListItem\",\"position\":2,\"name\":\"Esferize at OMExpo 2015\"}]},{\"@type\":\"WebSite\",\"@id\":\"https:\\\/\\\/www.esferize.com\\\/en\\\/#website\",\"url\":\"https:\\\/\\\/www.esferize.com\\\/en\\\/\",\"name\":\"Esferize\",\"description\":\"Connect to the future\",\"publisher\":{\"@id\":\"https:\\\/\\\/www.esferize.com\\\/en\\\/#organization\"},\"potentialAction\":[{\"@type\":\"SearchAction\",\"target\":{\"@type\":\"EntryPoint\",\"urlTemplate\":\"https:\\\/\\\/www.esferize.com\\\/en\\\/?s={search_term_string}\"},\"query-input\":{\"@type\":\"PropertyValueSpecification\",\"valueRequired\":true,\"valueName\":\"search_term_string\"}}],\"inLanguage\":\"en-US\"},{\"@type\":\"Organization\",\"@id\":\"https:\\\/\\\/www.esferize.com\\\/en\\\/#organization\",\"name\":\"Esferize Comunicaciones S.L.\",\"url\":\"https:\\\/\\\/www.esferize.com\\\/en\\\/\",\"logo\":{\"@type\":\"ImageObject\",\"inLanguage\":\"en-US\",\"@id\":\"https:\\\/\\\/www.esferize.com\\\/en\\\/#\\\/schema\\\/logo\\\/image\\\/\",\"url\":\"https:\\\/\\\/www.esferize.com\\\/wp-content\\\/uploads\\\/2019\\\/10\\\/logo.png\",\"contentUrl\":\"https:\\\/\\\/www.esferize.com\\\/wp-content\\\/uploads\\\/2019\\\/10\\\/logo.png\",\"width\":453,\"height\":100,\"caption\":\"Esferize Comunicaciones S.L.\"},\"image\":{\"@id\":\"https:\\\/\\\/www.esferize.com\\\/en\\\/#\\\/schema\\\/logo\\\/image\\\/\"},\"sameAs\":[\"https:\\\/\\\/www.linkedin.com\\\/company\\\/esferize-comunicaciones\"]},{\"@type\":\"Person\",\"@id\":\"https:\\\/\\\/www.esferize.com\\\/en\\\/#\\\/schema\\\/person\\\/9137a26404c991f5612837aacf59c0a3\",\"name\":\"esferize\",\"image\":{\"@type\":\"ImageObject\",\"inLanguage\":\"en-US\",\"@id\":\"https:\\\/\\\/secure.gravatar.com\\\/avatar\\\/f66953701f5bf2c46cccb040020d9b0b9ab8daf3e9c85e663a53df18d6fd7170?s=96&d=mm&r=g\",\"url\":\"https:\\\/\\\/secure.gravatar.com\\\/avatar\\\/f66953701f5bf2c46cccb040020d9b0b9ab8daf3e9c85e663a53df18d6fd7170?s=96&d=mm&r=g\",\"contentUrl\":\"https:\\\/\\\/secure.gravatar.com\\\/avatar\\\/f66953701f5bf2c46cccb040020d9b0b9ab8daf3e9c85e663a53df18d6fd7170?s=96&d=mm&r=g\",\"caption\":\"esferize\"},\"url\":\"https:\\\/\\\/www.esferize.com\\\/en\\\/author\\\/esferize\\\/\"}]}<\/script>\n<!-- \/ Yoast SEO plugin. -->","yoast_head_json":{"title":"Esferize at OMExpo 2015, leading digital marketing event - Esferize","description":"OMExpo 2015 es el evento l\u00edder del marketing digital en Espa\u00f1a gracias a su continua apuesta por la innovaci\u00f3n.","robots":{"index":"index","follow":"follow","max-snippet":"max-snippet:-1","max-image-preview":"max-image-preview:large","max-video-preview":"max-video-preview:-1"},"canonical":"https:\/\/www.esferize.com\/en\/esferize-at-omexpo-2015\/","og_locale":"en_US","og_type":"article","og_title":"Esferize at OMExpo 2015, leading digital marketing event - Esferize","og_description":"OMExpo 2015 es el evento l\u00edder del marketing digital en Espa\u00f1a gracias a su continua apuesta por la innovaci\u00f3n.","og_url":"https:\/\/www.esferize.com\/en\/esferize-at-omexpo-2015\/","og_site_name":"Esferize","article_published_time":"2015-04-27T13:10:59+00:00","article_modified_time":"2021-10-15T10:09:54+00:00","og_image":[{"width":1280,"height":720,"url":"https:\/\/www.esferize.com\/wp-content\/uploads\/2015\/04\/CGFjKdcXIAARoEA.jpeg","type":"image\/jpeg"}],"author":"esferize","twitter_card":"summary_large_image","twitter_misc":{"Written by":"esferize","Est. reading time":"1 minute"},"schema":{"@context":"https:\/\/schema.org","@graph":[{"@type":"Article","@id":"https:\/\/www.esferize.com\/en\/esferize-at-omexpo-2015\/#article","isPartOf":{"@id":"https:\/\/www.esferize.com\/en\/esferize-at-omexpo-2015\/"},"author":{"name":"esferize","@id":"https:\/\/www.esferize.com\/en\/#\/schema\/person\/9137a26404c991f5612837aacf59c0a3"},"headline":"Esferize at OMExpo 2015","datePublished":"2015-04-27T13:10:59+00:00","dateModified":"2021-10-15T10:09:54+00:00","mainEntityOfPage":{"@id":"https:\/\/www.esferize.com\/en\/esferize-at-omexpo-2015\/"},"wordCount":277,"publisher":{"@id":"https:\/\/www.esferize.com\/en\/#organization"},"image":{"@id":"https:\/\/www.esferize.com\/en\/esferize-at-omexpo-2015\/#primaryimage"},"thumbnailUrl":"https:\/\/www.esferize.com\/wp-content\/uploads\/2015\/04\/CGFjKdcXIAARoEA.jpeg","keywords":["digital marketing","Digital Marketing Forums","Esferize","events","omexpo","TEADS room"],"articleSection":["Esferize","Events","news"],"inLanguage":"en-US"},{"@type":"WebPage","@id":"https:\/\/www.esferize.com\/en\/esferize-at-omexpo-2015\/","url":"https:\/\/www.esferize.com\/en\/esferize-at-omexpo-2015\/","name":"Esferize at OMExpo 2015, leading digital marketing event - Esferize","isPartOf":{"@id":"https:\/\/www.esferize.com\/en\/#website"},"primaryImageOfPage":{"@id":"https:\/\/www.esferize.com\/en\/esferize-at-omexpo-2015\/#primaryimage"},"image":{"@id":"https:\/\/www.esferize.com\/en\/esferize-at-omexpo-2015\/#primaryimage"},"thumbnailUrl":"https:\/\/www.esferize.com\/wp-content\/uploads\/2015\/04\/CGFjKdcXIAARoEA.jpeg","datePublished":"2015-04-27T13:10:59+00:00","dateModified":"2021-10-15T10:09:54+00:00","description":"OMExpo 2015 es el evento l\u00edder del marketing digital en Espa\u00f1a gracias a su continua apuesta por la innovaci\u00f3n.","breadcrumb":{"@id":"https:\/\/www.esferize.com\/en\/esferize-at-omexpo-2015\/#breadcrumb"},"inLanguage":"en-US","potentialAction":[{"@type":"ReadAction","target":["https:\/\/www.esferize.com\/en\/esferize-at-omexpo-2015\/"]}]},{"@type":"ImageObject","inLanguage":"en-US","@id":"https:\/\/www.esferize.com\/en\/esferize-at-omexpo-2015\/#primaryimage","url":"https:\/\/www.esferize.com\/wp-content\/uploads\/2015\/04\/CGFjKdcXIAARoEA.jpeg","contentUrl":"https:\/\/www.esferize.com\/wp-content\/uploads\/2015\/04\/CGFjKdcXIAARoEA.jpeg","width":1280,"height":720,"caption":"Esferize en OMExpo 2015"},{"@type":"BreadcrumbList","@id":"https:\/\/www.esferize.com\/en\/esferize-at-omexpo-2015\/#breadcrumb","itemListElement":[{"@type":"ListItem","position":1,"name":"Portada","item":"https:\/\/www.esferize.com\/en\/"},{"@type":"ListItem","position":2,"name":"Esferize at OMExpo 2015"}]},{"@type":"WebSite","@id":"https:\/\/www.esferize.com\/en\/#website","url":"https:\/\/www.esferize.com\/en\/","name":"Esferize","description":"Connect to the future","publisher":{"@id":"https:\/\/www.esferize.com\/en\/#organization"},"potentialAction":[{"@type":"SearchAction","target":{"@type":"EntryPoint","urlTemplate":"https:\/\/www.esferize.com\/en\/?s={search_term_string}"},"query-input":{"@type":"PropertyValueSpecification","valueRequired":true,"valueName":"search_term_string"}}],"inLanguage":"en-US"},{"@type":"Organization","@id":"https:\/\/www.esferize.com\/en\/#organization","name":"Esferize Comunicaciones S.L.","url":"https:\/\/www.esferize.com\/en\/","logo":{"@type":"ImageObject","inLanguage":"en-US","@id":"https:\/\/www.esferize.com\/en\/#\/schema\/logo\/image\/","url":"https:\/\/www.esferize.com\/wp-content\/uploads\/2019\/10\/logo.png","contentUrl":"https:\/\/www.esferize.com\/wp-content\/uploads\/2019\/10\/logo.png","width":453,"height":100,"caption":"Esferize Comunicaciones S.L."},"image":{"@id":"https:\/\/www.esferize.com\/en\/#\/schema\/logo\/image\/"},"sameAs":["https:\/\/www.linkedin.com\/company\/esferize-comunicaciones"]},{"@type":"Person","@id":"https:\/\/www.esferize.com\/en\/#\/schema\/person\/9137a26404c991f5612837aacf59c0a3","name":"esferize","image":{"@type":"ImageObject","inLanguage":"en-US","@id":"https:\/\/secure.gravatar.com\/avatar\/f66953701f5bf2c46cccb040020d9b0b9ab8daf3e9c85e663a53df18d6fd7170?s=96&d=mm&r=g","url":"https:\/\/secure.gravatar.com\/avatar\/f66953701f5bf2c46cccb040020d9b0b9ab8daf3e9c85e663a53df18d6fd7170?s=96&d=mm&r=g","contentUrl":"https:\/\/secure.gravatar.com\/avatar\/f66953701f5bf2c46cccb040020d9b0b9ab8daf3e9c85e663a53df18d6fd7170?s=96&d=mm&r=g","caption":"esferize"},"url":"https:\/\/www.esferize.com\/en\/author\/esferize\/"}]}},"_links":{"self":[{"href":"https:\/\/www.esferize.com\/en\/wp-json\/wp\/v2\/posts\/5459","targetHints":{"allow":["GET"]}}],"collection":[{"href":"https:\/\/www.esferize.com\/en\/wp-json\/wp\/v2\/posts"}],"about":[{"href":"https:\/\/www.esferize.com\/en\/wp-json\/wp\/v2\/types\/post"}],"author":[{"embeddable":true,"href":"https:\/\/www.esferize.com\/en\/wp-json\/wp\/v2\/users\/7"}],"replies":[{"embeddable":true,"href":"https:\/\/www.esferize.com\/en\/wp-json\/wp\/v2\/comments?post=5459"}],"version-history":[{"count":0,"href":"https:\/\/www.esferize.com\/en\/wp-json\/wp\/v2\/posts\/5459\/revisions"}],"wp:featuredmedia":[{"embeddable":true,"href":"https:\/\/www.esferize.com\/en\/wp-json\/wp\/v2\/media\/5968"}],"wp:attachment":[{"href":"https:\/\/www.esferize.com\/en\/wp-json\/wp\/v2\/media?parent=5459"}],"wp:term":[{"taxonomy":"category","embeddable":true,"href":"https:\/\/www.esferize.com\/en\/wp-json\/wp\/v2\/categories?post=5459"},{"taxonomy":"post_tag","embeddable":true,"href":"https:\/\/www.esferize.com\/en\/wp-json\/wp\/v2\/tags?post=5459"}],"curies":[{"name":"wp","href":"https:\/\/api.w.org\/{rel}","templated":true}]}}